{"id":511,"date":"2025-04-26T19:15:07","date_gmt":"2025-04-26T17:15:07","guid":{"rendered":"https:\/\/cojem.fr\/?p=511"},"modified":"2025-04-26T19:15:56","modified_gmt":"2025-04-26T17:15:56","slug":"familles-en-fete","status":"publish","type":"post","link":"https:\/\/cojem.fr\/?p=511","title":{"rendered":"Familles en f\u00eate"},"content":{"rendered":"\n<p><strong><em><u>Le 1er septembre 2024<\/u><\/em><\/strong>, l\u2019\u00e9v\u00e8nement Familles en F\u00eate prenait place au stade \u00c9ric Estivals de Mandelieu.<\/p>\n\n\n\n<p>Au programme de cette journ\u00e9e \u00e0 destination des familles, des animations pour petits et grands ainsi que des stands d\u2019associations et organismes mandolociens.<\/p>\n\n\n\n<p>L\u2019objectif pour le Comit\u00e9 des Jeunes Mandolociens ? Recruter de nouveaux membres en se faisant conna\u00eetre aupr\u00e8s des jeunes venus avec leurs parents.<\/p>\n\n\n\n<figure class=\"wp-block-image size-full\"><img loading=\"lazy\" decoding=\"async\" width=\"430\" height=\"322\" src=\"https:\/\/cojem.fr\/wp-content\/uploads\/2025\/04\/image-12.png\" alt=\"\" class=\"wp-image-513\" srcset=\"https:\/\/cojem.fr\/wp-content\/uploads\/2025\/04\/image-12.png 430w, https:\/\/cojem.fr\/wp-content\/uploads\/2025\/04\/image-12-300x225.png 300w\" sizes=\"(max-width: 430px) 100vw, 430px\" \/><\/figure>\n\n\n\n<figure class=\"wp-block-image size-full\"><img loading=\"lazy\" decoding=\"async\" width=\"420\" height=\"316\" src=\"https:\/\/cojem.fr\/wp-content\/uploads\/2025\/04\/image-13.png\" alt=\"\" class=\"wp-image-514\" srcset=\"https:\/\/cojem.fr\/wp-content\/uploads\/2025\/04\/image-13.png 420w, https:\/\/cojem.fr\/wp-content\/uploads\/2025\/04\/image-13-300x226.png 300w\" sizes=\"(max-width: 420px) 100vw, 420px\" \/><\/figure>\n","protected":false},"excerpt":{"rendered":"<p>Le 1er septembre 2024, l\u2019\u00e9v\u00e8nement Familles en F\u00eate prenait place au stade \u00c9ric Estivals de Mandelieu. Au programme de cette journ\u00e9e \u00e0 destination des familles, des animations pour petits et grands ainsi que des stands d\u2019associations et organismes mandolociens. L\u2019objectif pour le Comit\u00e9 des Jeunes Mandolociens ? Recruter de nouveaux membres en se faisant conna\u00eetre [&hellip;]<\/p>\n","protected":false},"author":1,"featured_media":513,"comment_status":"open","ping_status":"open","sticky":false,"template":"","format":"standard","meta":{"saved_in_kubio":false,"footnotes":""},"categories":[1],"tags":[],"class_list":["post-511","post","type-post","status-publish","format-standard","has-post-thumbnail","hentry","category-uncategorized"],"_links":{"self":[{"href":"https:\/\/cojem.fr\/index.php?rest_route=\/wp\/v2\/posts\/511","targetHints":{"allow":["GET"]}}],"collection":[{"href":"https:\/\/cojem.fr\/index.php?rest_route=\/wp\/v2\/posts"}],"about":[{"href":"https:\/\/cojem.fr\/index.php?rest_route=\/wp\/v2\/types\/post"}],"author":[{"embeddable":true,"href":"https:\/\/cojem.fr\/index.php?rest_route=\/wp\/v2\/users\/1"}],"replies":[{"embeddable":true,"href":"https:\/\/cojem.fr\/index.php?rest_route=%2Fwp%2Fv2%2Fcomments&post=511"}],"version-history":[{"count":1,"href":"https:\/\/cojem.fr\/index.php?rest_route=\/wp\/v2\/posts\/511\/revisions"}],"predecessor-version":[{"id":515,"href":"https:\/\/cojem.fr\/index.php?rest_route=\/wp\/v2\/posts\/511\/revisions\/515"}],"wp:featuredmedia":[{"embeddable":true,"href":"https:\/\/cojem.fr\/index.php?rest_route=\/wp\/v2\/media\/513"}],"wp:attachment":[{"href":"https:\/\/cojem.fr\/index.php?rest_route=%2Fwp%2Fv2%2Fmedia&parent=511"}],"wp:term":[{"taxonomy":"category","embeddable":true,"href":"https:\/\/cojem.fr\/index.php?rest_route=%2Fwp%2Fv2%2Fcategories&post=511"},{"taxonomy":"post_tag","embeddable":true,"href":"https:\/\/cojem.fr\/index.php?rest_route=%2Fwp%2Fv2%2Ftags&post=511"}],"curies":[{"name":"wp","href":"https:\/\/api.w.org\/{rel}","templated":true}]}}