{"id":475,"date":"2025-04-26T19:01:15","date_gmt":"2025-04-26T17:01:15","guid":{"rendered":"https:\/\/cojem.fr\/?p=475"},"modified":"2025-04-26T19:19:02","modified_gmt":"2025-04-26T17:19:02","slug":"participation-a-la-commemoration-du-8-mai-2024","status":"publish","type":"post","link":"https:\/\/cojem.fr\/?p=475","title":{"rendered":"Participation \u00e0 la comm\u00e9moration du 8 mai"},"content":{"rendered":"\n<p>79 ans plus tard, nombreux \u00e9taient les mandolociens r\u00e9unis autour du monument aux morts de Capitou, place du Souvenir Fran\u00e7ais.<\/p>\n\n\n\n<p>Pour honorer la m\u00e9moire des soldats fran\u00e7ais morts au combat, cette c\u00e9r\u00e9monie de comm\u00e9moration est essentielle. Notre maire, S\u00e9bastien LEROY, l\u2019a d\u2019ailleurs rappel\u00e9 en pr\u00e9cisant, avec raison, que \u00ab ces c\u00e9r\u00e9monies ne servent \u00e0 rien si l\u2019on se contente de discours, de souvenirs et de grandes promesses sans engagement et surtout, sans conviction \u00bb.<\/p>\n\n\n\n<p>Les membres du Comit\u00e9 des Jeunes Mandolociens \u00e9taient pr\u00e9sents, remplissant ainsi le devoir de m\u00e9moire qui leur est si cher.<\/p>\n\n\n\n<figure class=\"wp-block-image size-full\"><img loading=\"lazy\" decoding=\"async\" width=\"514\" height=\"374\" src=\"https:\/\/cojem.fr\/wp-content\/uploads\/2025\/04\/image.png\" alt=\"\" class=\"wp-image-477\" srcset=\"https:\/\/cojem.fr\/wp-content\/uploads\/2025\/04\/image.png 514w, https:\/\/cojem.fr\/wp-content\/uploads\/2025\/04\/image-300x218.png 300w\" sizes=\"(max-width: 514px) 100vw, 514px\" \/><\/figure>\n\n\n\n<figure class=\"wp-block-image size-full\"><img loading=\"lazy\" decoding=\"async\" width=\"526\" height=\"376\" src=\"https:\/\/cojem.fr\/wp-content\/uploads\/2025\/04\/image-1.png\" alt=\"\" class=\"wp-image-478\" srcset=\"https:\/\/cojem.fr\/wp-content\/uploads\/2025\/04\/image-1.png 526w, https:\/\/cojem.fr\/wp-content\/uploads\/2025\/04\/image-1-300x214.png 300w\" sizes=\"(max-width: 526px) 100vw, 526px\" \/><\/figure>\n","protected":false},"excerpt":{"rendered":"<p>79 ans plus tard, nombreux \u00e9taient les mandolociens r\u00e9unis autour du monument aux morts de Capitou, place du Souvenir Fran\u00e7ais. Pour honorer la m\u00e9moire des soldats fran\u00e7ais morts au combat, cette c\u00e9r\u00e9monie de comm\u00e9moration est essentielle. Notre maire, S\u00e9bastien LEROY, l\u2019a d\u2019ailleurs rappel\u00e9 en pr\u00e9cisant, avec raison, que \u00ab ces c\u00e9r\u00e9monies ne servent \u00e0 rien [&hellip;]<\/p>\n","protected":false},"author":1,"featured_media":477,"comment_status":"open","ping_status":"open","sticky":false,"template":"","format":"standard","meta":{"saved_in_kubio":false,"footnotes":""},"categories":[1],"tags":[],"class_list":["post-475","post","type-post","status-publish","format-standard","has-post-thumbnail","hentry","category-uncategorized"],"_links":{"self":[{"href":"https:\/\/cojem.fr\/index.php?rest_route=\/wp\/v2\/posts\/475","targetHints":{"allow":["GET"]}}],"collection":[{"href":"https:\/\/cojem.fr\/index.php?rest_route=\/wp\/v2\/posts"}],"about":[{"href":"https:\/\/cojem.fr\/index.php?rest_route=\/wp\/v2\/types\/post"}],"author":[{"embeddable":true,"href":"https:\/\/cojem.fr\/index.php?rest_route=\/wp\/v2\/users\/1"}],"replies":[{"embeddable":true,"href":"https:\/\/cojem.fr\/index.php?rest_route=%2Fwp%2Fv2%2Fcomments&post=475"}],"version-history":[{"count":2,"href":"https:\/\/cojem.fr\/index.php?rest_route=\/wp\/v2\/posts\/475\/revisions"}],"predecessor-version":[{"id":486,"href":"https:\/\/cojem.fr\/index.php?rest_route=\/wp\/v2\/posts\/475\/revisions\/486"}],"wp:featuredmedia":[{"embeddable":true,"href":"https:\/\/cojem.fr\/index.php?rest_route=\/wp\/v2\/media\/477"}],"wp:attachment":[{"href":"https:\/\/cojem.fr\/index.php?rest_route=%2Fwp%2Fv2%2Fmedia&parent=475"}],"wp:term":[{"taxonomy":"category","embeddable":true,"href":"https:\/\/cojem.fr\/index.php?rest_route=%2Fwp%2Fv2%2Fcategories&post=475"},{"taxonomy":"post_tag","embeddable":true,"href":"https:\/\/cojem.fr\/index.php?rest_route=%2Fwp%2Fv2%2Ftags&post=475"}],"curies":[{"name":"wp","href":"https:\/\/api.w.org\/{rel}","templated":true}]}}